{"id":819,"date":"2014-07-14T14:02:00","date_gmt":"2014-07-14T12:02:00","guid":{"rendered":"https:\/\/www.pricemania.sk\/blog\/ako-si-vybrat-umyvacku-riadu\/"},"modified":"2014-07-14T14:02:00","modified_gmt":"2014-07-14T12:02:00","slug":"ako-si-vybrat-umyvacku-riadu","status":"publish","type":"post","link":"https:\/\/www.pricemania.sk\/blog\/ako-si-vybrat-umyvacku-riadu\/","title":{"rendered":"Ako si vybra\u0165 um\u00fdva\u010dku riadu?"},"content":{"rendered":"<p>Um\u00fdva\u010dky riadu sa dnes st\u00e1vaj\u00fa u\u017e be\u017enou s\u00fa\u010das\u0165ou na\u0161ich dom\u00e1cnost\u00ed. S\u00fa skvel\u00fdm pomocn\u00edkom ka\u017edej gazdinej, bezbolestne zvl\u00e1dnu n\u00e1valy riadov i \u0161pinav\u00fdch hrncov, a dokonca si poradia aj s poh\u00e1rmi na v\u00edno, ktor\u00e9 dok\u00e1\u017eu kr\u00e1sne vyle\u0161ti\u0165. A navy\u0161e, pri um\u00fdvan\u00ed um\u00fdva\u010dkou riadu \u0161etr\u00edte aj spotrebu vody. Ako si v\u0161ak vybra\u0165 ten spr\u00e1vny model? Nechajte si od n\u00e1s poradi\u0165.<\/p>\n<p>  <!--more-->  <\/p>\n<p><strong>Um\u00fdva\u010dky riadu sa dnes st\u00e1vaj\u00fa u\u017e be\u017enou s\u00fa\u010das\u0165ou na\u0161ich dom\u00e1cnost\u00ed. S\u00fa skvel\u00fdm pomocn\u00edkom ka\u017edej gazdinej, bezbolestne zvl\u00e1dnu n\u00e1valy riadov i \u0161pinav\u00fdch hrncov, a dokonca si poradia aj s poh\u00e1rmi na v\u00edno, ktor\u00e9 dok\u00e1\u017eu kr\u00e1sne vyle\u0161ti\u0165. A navy\u0161e, pri um\u00fdvan\u00ed um\u00fdva\u010dkou riadu \u0161etr\u00edte aj spotrebu vody. Ako si v\u0161ak vybra\u0165 ten spr\u00e1vny model? Nechajte si od n\u00e1s poradi\u0165.<\/strong><\/p>\n<p>&nbsp;<\/p>\n<p><iframe src=\"\/\/www.youtube.com\/embed\/n0iBSSBxQkQ\" width=\"100%\" height=\"350\" allowfullscreen=\"allowfullscreen\"><\/iframe><\/p>\n<p>&nbsp;<\/p>\n<p><strong>Ak\u00e9 s\u00fa z\u00e1kladn\u00e9 ve\u013ekosti um\u00fdva\u010diek?<\/strong><\/p>\n<p>Medzi z\u00e1kladn\u00e9 a najob\u013e\u00fabenej\u0161ie ve\u013ekosti na slovenskom trhu patria jednozna\u010dne <strong>um\u00fdva\u010dky so \u0161\u00edrkou 45 a 60 cm<\/strong>. Ke\u010f\u017ee 60 cm sa pred\u00e1vaj\u00fa v \u0161ir\u0161om sortimente, budeme sa venova\u0165 najm\u00e4 im.<\/p>\n<p><strong>Na \u010do by sme sa mali zamera\u0165 pri v\u00fdbere um\u00fdva\u010dky?<\/strong><\/p>\n<p>Um\u00fdva\u010dky sa prim\u00e1rne delia na <strong>samostatne stojace<\/strong> a <strong>vstavan\u00e9 pr\u00edstroje<\/strong>. Hlavn\u00fd rozdiel je najm\u00e4 pri dvierkach \u2013 zatia\u013e \u010do na samostatne stojacej je priznan\u00fd ovl\u00e1dac\u00ed panel, ktor\u00fd sa n\u00e1m po otvoren\u00ed um\u00fdva\u010dky schov\u00e1 a vo vn\u00fatri n\u00e1sledne vid\u00edme len jadro spotrebi\u010da. Na vstavanej um\u00fdva\u010dke riadu sa dvierka dodekoruj\u00fa pod\u013ea \u0161t\u00fdlu kuchynskej linky.<\/p>\n<p>Pri v\u00fdbere um\u00fdva\u010dky by sme sa mali zamera\u0165 najm\u00e4 na jej <strong>vn\u00fatorn\u00fa v\u00fdbavu<\/strong>. Zvy\u010dajne m\u00e1 <a href=\"http:\/\/www.pricemania.sk\/katalog\/umyvacky-riadu\/\" target=\"_blank\" rel=\"noopener noreferrer\">um\u00fdva\u010dka riadu<\/a> <strong>spodn\u00fd k\u00f4\u0161<\/strong> na ktor\u00fd je dobr\u00e9 uklada\u0165 taniere alebo hrnce. Taniere je ide\u00e1lne uklada\u0165 do t\u0155\u0148ov, ktor\u00e9 s\u00fa na tento typ riadu predur\u010den\u00e9. Hrnce m\u00f4\u017eeme uklada\u0165 do spodn\u00e9ho ko\u0161a dvoma sp\u00f4sobmi \u2013 po sklopen\u00ed t\u0155\u0148ov, alebo polo\u017een\u00edm na t\u0155ne (tak ako tanier) \u0161pinavou \u010das\u0165ou dozadu (v pr\u00edpade, \u017ee je va\u0161a um\u00fdva\u010dka riadu vybaven\u00e1 zadn\u00fdmi ostrekovac\u00edmi tryskami. V\u010faka tomuto ulo\u017eeniu \u0161etr\u00edte aj viac priestoru a vyu\u017e\u00edvate viac vn\u00fatorn\u00fa kapacitu samotnej um\u00fdva\u010dky. <strong>Horn\u00fd k\u00f4\u0161<\/strong> je predur\u010den\u00fd na ukladanie poh\u00e1rov, \u0161\u00e1lok, alebo aj v\u00e4\u010d\u0161\u00edch pr\u00edborov. <strong>Horn\u00e1 z\u00e1suvka<\/strong> je vybaven\u00e1 na ukladanie pr\u00edborov, ktor\u00e9 by sme mali vklada\u0165 poriadne, jeden za druh\u00fdm. T\u00fdm p\u00e1dom zn\u00ed\u017eime aj hlu\u010dnos\u0165 um\u00fdva\u010dky a z\u00e1rove\u0148 v\u010faka bezdotykov\u00e9mu ulo\u017eeniu bud\u00fa pr\u00edbory v\u017edy dokonale umyt\u00e9. <strong>Z\u00e1suvka na pr\u00edbory<\/strong> nemus\u00ed by\u0165 v\u017edy v um\u00fdva\u010dke riadu. Pokia\u013e m\u00e1te v pl\u00e1ne um\u00fdva\u0165 vysok\u00e9 poh\u00e1re na v\u00edno, jednoduch\u00fdm \u00fakonom stla\u010d\u00edte poistku na um\u00fdva\u010dke a z\u00e1suvku m\u00f4\u017eete vybra\u0165 von a n\u00e1sledne odlo\u017ei\u0165. Pokia\u013e nedisponujeme z\u00e1suvkou na pr\u00edbory, m\u00e1me k dispoz\u00edci\u00ed <strong>ko\u0161\u00edky na pr\u00edbory<\/strong>. Tieto ko\u0161\u00ed\u010dky s\u00fa, samozrejme, vyberate\u013en\u00e9 a m\u00f4\u017eeme ich pou\u017e\u00edva\u0165 pod\u013ea v\u00f4le.<\/p>\n<p><a href=\"http:\/\/www.pricemania.sk\/katalog\/volne-stojace-umyvacky-riadu\/\" target=\"_blank\" rel=\"noopener noreferrer\"><img loading=\"lazy\" class=\" size-full wp-image-817\" src=\"https:\/\/www.pricemania.sk\/blog\/wp-content\/uploads\/2014\/07\/Whirlpool-ADP-7570-IX_volne_stojaca.jpg\" alt=\"Whirlpool ADP 7570 IX\" width=\"100%\" height=\"NaN\" srcset=\"https:\/\/www.pricemania.sk\/blog\/wp-content\/uploads\/2014\/07\/Whirlpool-ADP-7570-IX_volne_stojaca.jpg 597w, https:\/\/www.pricemania.sk\/blog\/wp-content\/uploads\/2014\/07\/Whirlpool-ADP-7570-IX_volne_stojaca-272x300.jpg 272w, https:\/\/www.pricemania.sk\/blog\/wp-content\/uploads\/2014\/07\/Whirlpool-ADP-7570-IX_volne_stojaca-370x408.jpg 370w, https:\/\/www.pricemania.sk\/blog\/wp-content\/uploads\/2014\/07\/Whirlpool-ADP-7570-IX_volne_stojaca-470x519.jpg 470w\" sizes=\"(max-width: 597px) 100vw, 597px\" \/><\/a><\/p>\n<p><strong>Ako spr\u00e1vne udr\u017eiava\u0165 um\u00fdva\u010dku riadu?<\/strong><\/p>\n<p>Ka\u017ed\u00e1 um\u00fdva\u010dka riadu si vy\u017eaduje svoju <strong>\u00fadr\u017ebu<\/strong>. Preto je potrebn\u00e9, po zdvihnut\u00ed spodn\u00e9ho ko\u0161a, dovn\u00fatra vsypa\u0165 so\u013e na regener\u00e1ciu \u017eivice, ktor\u00e1 n\u00e1m eliminuje v\u00e1pnik nach\u00e1dzaj\u00faci sa v tvrdej vode. Aj v\u010faka tomuto procesu sa n\u00e1m zvy\u0161uje <strong>kvalita a \u00fa\u010dinnos\u0165 um\u00fdvania<\/strong>. Netreba zab\u00fada\u0165 ani na <strong>\u0161peci\u00e1lnu n\u00e1sypku<\/strong>, do ktorej vklad\u00e1m pr\u00e1\u0161ok na um\u00fdvanie riadu. Pokia\u013e pou\u017e\u00edvame tablety, a v\u00fdrobca na ich obale uv\u00e1dza, \u017ee \u017eiadnu so\u013e nie je potrebn\u00e9 d\u00e1va\u0165, v prostred\u00ed Slovenska je voda nato\u013eko tvrd\u00e1, \u017ee ka\u017ed\u00e1 um\u00fdva\u010dka riadu si t\u00fato so\u013e vy\u017eaduje. Samozrejme, t\u00e1to so\u013e nie je kuchynsk\u00e1, ani morsk\u00e1, ale regenera\u010dn\u00e1 <strong>so\u013e ur\u010den\u00e1 \u0161peci\u00e1lne pre um\u00fdva\u010dky riadu<\/strong>. D\u00f4le\u017eitou \u010das\u0165ou \u00fadr\u017eby je <strong>\u010distenie filtra<\/strong>, ktor\u00fd sa sklad\u00e1 zo sitka, jemn\u00e9ho a nerezov\u00e9ho sitka. Pokia\u013e sa budeme o um\u00fdva\u010dku riadu stara\u0165 pravidelne, budeme ma\u0165 v\u017edy dobr\u00e9 v\u00fdsledky um\u00fdvania riadu.<\/p>\n<p><strong>\u010co je energetick\u00fd \u0161t\u00edtok pri um\u00fdva\u010dke riadu?<\/strong><\/p>\n<p>Energetick\u00fd \u0161t\u00edtok poukazuje na vlastnosti um\u00fdva\u010dky. Ten je s\u00fa\u010das\u0165ou v\u00fdbavy ka\u017edej um\u00fdva\u010dky a m\u00f4\u017ee by\u0165 nalepen\u00fd spredu alebo priamo v dokument\u00e1cii pr\u00edstroja \u010di v technick\u00fdch parametroch na internete. Na \u0161t\u00edtku je uveden\u00e1 <strong>energetick\u00e1 trieda<\/strong> \u2013 naj\u0161etrnej\u0161ie maj\u00fa \u00farove\u0148 A+++, a n\u00e1sledne to kles\u00e1 smerom nadol. Najni\u017e\u0161ou energetickou triedou je A+ a A. Ni\u017e\u0161ie ozna\u010denie u\u017e spotrebi\u010de nepon\u00fakaj\u00fa. \u010eal\u0161\u00edm \u00fadajom je <strong>spotreba energie<\/strong>, ktor\u00e1 je uveden\u00e1 v pomere rok\/280 prac\u00edch cyklov. Je to norma, ktor\u00fa zaviedla Eur\u00f3pska \u00fania. <strong>Spotreba vody<\/strong> patr\u00ed tie\u017e medzi d\u00f4le\u017eit\u00e9 faktory a je tie\u017e v pomere 280 prac\u00edch cyklov\/kapacita n\u00e1plne. Medzi \u010fal\u0161ie inform\u00e1cie patr\u00ed <strong>kapacita obedov\u00fdch s\u00faprav, d\u013a\u017eka su\u0161enia \u010di hlu\u010dnos\u0165 pri um\u00fdvan\u00ed riadu<\/strong>.<\/p>\n<p><a href=\"http:\/\/www.pricemania.sk\/katalog\/vstavane-umyvacky-riadu\/\" target=\"_blank\" rel=\"noopener noreferrer\"><img loading=\"lazy\" class=\" size-full wp-image-818\" src=\"https:\/\/www.pricemania.sk\/blog\/wp-content\/uploads\/2014\/07\/Whirlpool-ADG-6240-FD_vstavana.jpg\" alt=\"Whirlpool ADG 6240 FD\" width=\"100%\" height=\"NaN\" srcset=\"https:\/\/www.pricemania.sk\/blog\/wp-content\/uploads\/2014\/07\/Whirlpool-ADG-6240-FD_vstavana.jpg 597w, https:\/\/www.pricemania.sk\/blog\/wp-content\/uploads\/2014\/07\/Whirlpool-ADG-6240-FD_vstavana-300x292.jpg 300w, https:\/\/www.pricemania.sk\/blog\/wp-content\/uploads\/2014\/07\/Whirlpool-ADG-6240-FD_vstavana-370x360.jpg 370w, https:\/\/www.pricemania.sk\/blog\/wp-content\/uploads\/2014\/07\/Whirlpool-ADG-6240-FD_vstavana-470x457.jpg 470w\" sizes=\"(max-width: 597px) 100vw, 597px\" \/><\/a><\/p>\n<p><strong>Ak\u00fd je rozdiel medzi vo\u013ene stojacou a vstavanou um\u00fdva\u010dkou riadu?<\/strong><\/p>\n<p>Rozdiel medzi vstavanou a samostatne stojacou um\u00fdva\u010dkou riadu je najm\u00e4 v jej v\u00fdzore. Zatia\u013e \u010do <strong><a href=\"http:\/\/www.pricemania.sk\/katalog\/volne-stojace-umyvacky-riadu\/\" target=\"_blank\" rel=\"noopener noreferrer\">samostatne stojaca um\u00fdva\u010dka riadu<\/a> m\u00e1 priznan\u00e9 dekorat\u00edvne prvky<\/strong> ako dvierka \u010di horn\u00fa li\u0161tu. <strong><a href=\"http:\/\/www.pricemania.sk\/katalog\/vstavane-umyvacky-riadu\/\" target=\"_blank\" rel=\"noopener noreferrer\">Vstavan\u00e1 um\u00fdva\u010dka riadu<\/a> v\u00e1m pr\u00edde v surovom stave<\/strong>, aby ste na \u0148u n\u00e1sledne mohli namontova\u0165 dvere ladiace s kuchynskou linkou. Jej demont\u00e1\u017e je ve\u013emi jednoduch\u00e1, sta\u010d\u00ed iba uvo\u013eni\u0165 dve poistn\u00e9 skrutky a um\u00fdva\u010dku vytiahnete von. Je to v\u010faka tomu, \u017ee um\u00fdva\u010dka stoj\u00ed na dvoch no\u017ei\u010dk\u00e1ch a zadnom koliesku, t\u00fdm p\u00e1dom aj manipul\u00e1cia je ve\u013emi jednoduch\u00e1.<\/p>\n<p>&nbsp;<\/p>\n","protected":false},"excerpt":{"rendered":"<p>Um\u00fdva\u010dky riadu sa dnes st\u00e1vaj\u00fa u\u017e be\u017enou s\u00fa\u010das\u0165ou na\u0161ich dom\u00e1cnost\u00ed. S\u00fa skvel\u00fdm pomocn\u00edkom ka\u017edej gazdinej, bezbolestne zvl\u00e1dnu n\u00e1valy riadov i \u0161pinav\u00fdch&hellip;<\/p>\n","protected":false},"author":1,"featured_media":817,"comment_status":"open","ping_status":"open","sticky":false,"template":"","format":"standard","meta":[],"categories":[322],"tags":[365,363,364],"yoast_head":"<!-- This site is optimized with the Yoast SEO plugin v15.4 - https:\/\/yoast.com\/wordpress\/plugins\/seo\/ -->\n<title>Ako si vybra\u0165 um\u00fdva\u010dku riadu? - Pricemania<\/title>\n<meta name=\"robots\" content=\"index, follow, max-snippet:-1, max-image-preview:large, max-video-preview:-1\" \/>\n<link rel=\"canonical\" href=\"https:\/\/www.pricemania.sk\/blog\/ako-si-vybrat-umyvacku-riadu\/\" \/>\n<meta property=\"og:locale\" content=\"sk_SK\" \/>\n<meta property=\"og:type\" content=\"article\" \/>\n<meta property=\"og:title\" content=\"Ako si vybra\u0165 um\u00fdva\u010dku riadu? - Pricemania\" \/>\n<meta property=\"og:description\" content=\"Um\u00fdva\u010dky riadu sa dnes st\u00e1vaj\u00fa u\u017e be\u017enou s\u00fa\u010das\u0165ou na\u0161ich dom\u00e1cnost\u00ed. S\u00fa skvel\u00fdm pomocn\u00edkom ka\u017edej gazdinej, bezbolestne zvl\u00e1dnu n\u00e1valy riadov i \u0161pinav\u00fdch&hellip;\" \/>\n<meta property=\"og:url\" content=\"https:\/\/www.pricemania.sk\/blog\/ako-si-vybrat-umyvacku-riadu\/\" \/>\n<meta property=\"og:site_name\" content=\"Pricemania\" \/>\n<meta property=\"article:published_time\" content=\"2014-07-14T12:02:00+00:00\" \/>\n<meta property=\"og:image\" content=\"https:\/\/www.pricemania.sk\/blog\/wp-content\/uploads\/2014\/07\/Whirlpool-ADP-7570-IX_volne_stojaca.jpg\" \/>\n\t<meta property=\"og:image:width\" content=\"597\" \/>\n\t<meta property=\"og:image:height\" content=\"659\" \/>\n<meta name=\"twitter:card\" content=\"summary_large_image\" \/>\n<meta name=\"twitter:label1\" content=\"Autor:\">\n\t<meta name=\"twitter:data1\" content=\"Pricemania\">\n\t<meta name=\"twitter:label2\" content=\"Est. reading time\">\n\t<meta name=\"twitter:data2\" content=\"4 min\u00faty\">\n<script type=\"application\/ld+json\" class=\"yoast-schema-graph\">{\"@context\":\"https:\/\/schema.org\",\"@graph\":[{\"@type\":\"WebSite\",\"@id\":\"https:\/\/www.pricemania.sk\/blog\/#website\",\"url\":\"https:\/\/www.pricemania.sk\/blog\/\",\"name\":\"Pricemania\",\"description\":\"\",\"potentialAction\":[{\"@type\":\"SearchAction\",\"target\":\"https:\/\/www.pricemania.sk\/blog\/?s={search_term_string}\",\"query-input\":\"required name=search_term_string\"}],\"inLanguage\":\"sk-SK\"},{\"@type\":\"ImageObject\",\"@id\":\"https:\/\/www.pricemania.sk\/blog\/ako-si-vybrat-umyvacku-riadu\/#primaryimage\",\"inLanguage\":\"sk-SK\",\"url\":\"https:\/\/www.pricemania.sk\/blog\/wp-content\/uploads\/2014\/07\/Whirlpool-ADP-7570-IX_volne_stojaca.jpg\",\"width\":597,\"height\":659,\"caption\":\"Whirlpool ADP 7570 IX\"},{\"@type\":\"WebPage\",\"@id\":\"https:\/\/www.pricemania.sk\/blog\/ako-si-vybrat-umyvacku-riadu\/#webpage\",\"url\":\"https:\/\/www.pricemania.sk\/blog\/ako-si-vybrat-umyvacku-riadu\/\",\"name\":\"Ako si vybra\\u0165 um\\u00fdva\\u010dku riadu? - Pricemania\",\"isPartOf\":{\"@id\":\"https:\/\/www.pricemania.sk\/blog\/#website\"},\"primaryImageOfPage\":{\"@id\":\"https:\/\/www.pricemania.sk\/blog\/ako-si-vybrat-umyvacku-riadu\/#primaryimage\"},\"datePublished\":\"2014-07-14T12:02:00+00:00\",\"dateModified\":\"2014-07-14T12:02:00+00:00\",\"author\":{\"@id\":\"https:\/\/www.pricemania.sk\/blog\/#\/schema\/person\/d7d2876d6fadc67ea783598df0a61918\"},\"inLanguage\":\"sk-SK\",\"potentialAction\":[{\"@type\":\"ReadAction\",\"target\":[\"https:\/\/www.pricemania.sk\/blog\/ako-si-vybrat-umyvacku-riadu\/\"]}]},{\"@type\":\"Person\",\"@id\":\"https:\/\/www.pricemania.sk\/blog\/#\/schema\/person\/d7d2876d6fadc67ea783598df0a61918\",\"name\":\"Pricemania\",\"image\":{\"@type\":\"ImageObject\",\"@id\":\"https:\/\/www.pricemania.sk\/blog\/#personlogo\",\"inLanguage\":\"sk-SK\",\"url\":\"https:\/\/secure.gravatar.com\/avatar\/851fe549b5ff0e4ef576c698ebd014d8?s=96&d=mm&r=g\",\"caption\":\"Pricemania\"},\"sameAs\":[\"https:\/\/www.pricemania.sk\/blog\"]}]}<\/script>\n<!-- \/ Yoast SEO plugin. -->","_links":{"self":[{"href":"https:\/\/www.pricemania.sk\/blog\/wp-json\/wp\/v2\/posts\/819"}],"collection":[{"href":"https:\/\/www.pricemania.sk\/blog\/wp-json\/wp\/v2\/posts"}],"about":[{"href":"https:\/\/www.pricemania.sk\/blog\/wp-json\/wp\/v2\/types\/post"}],"author":[{"embeddable":true,"href":"https:\/\/www.pricemania.sk\/blog\/wp-json\/wp\/v2\/users\/1"}],"replies":[{"embeddable":true,"href":"https:\/\/www.pricemania.sk\/blog\/wp-json\/wp\/v2\/comments?post=819"}],"version-history":[{"count":0,"href":"https:\/\/www.pricemania.sk\/blog\/wp-json\/wp\/v2\/posts\/819\/revisions"}],"wp:featuredmedia":[{"embeddable":true,"href":"https:\/\/www.pricemania.sk\/blog\/wp-json\/wp\/v2\/media\/817"}],"wp:attachment":[{"href":"https:\/\/www.pricemania.sk\/blog\/wp-json\/wp\/v2\/media?parent=819"}],"wp:term":[{"taxonomy":"category","embeddable":true,"href":"https:\/\/www.pricemania.sk\/blog\/wp-json\/wp\/v2\/categories?post=819"},{"taxonomy":"post_tag","embeddable":true,"href":"https:\/\/www.pricemania.sk\/blog\/wp-json\/wp\/v2\/tags?post=819"}],"curies":[{"name":"wp","href":"https:\/\/api.w.org\/{rel}","templated":true}]}}