{"id":816,"date":"2014-07-16T08:24:00","date_gmt":"2014-07-16T06:24:00","guid":{"rendered":"https:\/\/www.pricemania.sk\/blog\/pricemania-cz-prvykrat-verejne-na-akcii-vyhledavace-zbozi-2014-v-brne\/"},"modified":"2014-07-16T08:24:00","modified_gmt":"2014-07-16T06:24:00","slug":"pricemania-cz-prvykrat-verejne-na-akcii-vyhledavace-zbozi-2014-v-brne","status":"publish","type":"post","link":"https:\/\/www.pricemania.sk\/blog\/pricemania-cz-prvykrat-verejne-na-akcii-vyhledavace-zbozi-2014-v-brne\/","title":{"rendered":"Pricemania.cz prv\u00fdkr\u00e1t verejne na akcii Vyhled\u00e1va\u010de zbo\u017e\u00ed 2014 v Brne"},"content":{"rendered":"<p>Ako ste u\u017e mo\u017eno zaregistrovali, po 7 rokoch na slovenskom trhu Pricemania \u0161tartuje svoje p\u00f4sobenie aj u na\u0161ich z\u00e1padn\u00fdch susedov. Hlavn\u00fdm d\u00f4vodom je bl\u00edzkos\u0165 trhu ako aj fakt, \u017ee v\u00e4\u010d\u0161ina na\u0161ich najv\u00e4\u010d\u0161\u00edch klientov na Slovensku s\u00fa pr\u00e1ve \u010desk\u00e9 firmy. Spustenie \u010deskej verzie Pricemanie je teda logick\u00fd krok.<\/p>\n<p>  <!--more-->  <\/p>\n<p><strong>Ako ste u\u017e mo\u017eno zaregistrovali, po 7 rokoch na slovenskom trhu <a href=\"http:\/\/www.pricemania.cz\/\" target=\"_blank\" rel=\"noopener noreferrer\">Pricemania<\/a> \u0161tartuje svoje p\u00f4sobenie aj u na\u0161ich z\u00e1padn\u00fdch susedov. Hlavn\u00fdm d\u00f4vodom je bl\u00edzkos\u0165 trhu ako aj fakt, \u017ee v\u00e4\u010d\u0161ina na\u0161ich najv\u00e4\u010d\u0161\u00edch klientov na Slovensku s\u00fa pr\u00e1ve \u010desk\u00e9 firmy. Spustenie \u010deskej verzie Pricemanie je teda logick\u00fd krok.<\/strong><\/p>\n<p><strong><img loading=\"lazy\" class=\" size-full wp-image-815\" src=\"https:\/\/www.pricemania.sk\/blog\/wp-content\/uploads\/2014\/07\/zbozi-2014-pricemania-2.jpg\" alt=\"Michal Kr\u00e1l\" width=\"100%\" height=\"NaN\" srcset=\"https:\/\/www.pricemania.sk\/blog\/wp-content\/uploads\/2014\/07\/zbozi-2014-pricemania-2.jpg 1000w, https:\/\/www.pricemania.sk\/blog\/wp-content\/uploads\/2014\/07\/zbozi-2014-pricemania-2-300x200.jpg 300w, https:\/\/www.pricemania.sk\/blog\/wp-content\/uploads\/2014\/07\/zbozi-2014-pricemania-2-768x512.jpg 768w, https:\/\/www.pricemania.sk\/blog\/wp-content\/uploads\/2014\/07\/zbozi-2014-pricemania-2-370x247.jpg 370w, https:\/\/www.pricemania.sk\/blog\/wp-content\/uploads\/2014\/07\/zbozi-2014-pricemania-2-470x313.jpg 470w\" sizes=\"(max-width: 1000px) 100vw, 1000px\" \/><\/strong><\/p>\n<p>V \u017eiadnom pr\u00edpade na \u010deskom trhu nechceme hra\u0165 druh\u00e9 husle, <strong>cie\u013eom je do konca roka 2015 za\u00fato\u010di\u0165 na 3. poz\u00edciu na trhu<\/strong>. Aktu\u00e1lne web be\u017e\u00ed v BETA verzii, no do konca tohto roka by mali by\u0165 z\u00e1kladn\u00e9 funkcie tip-top. N\u00e1sledne budeme web tunova\u0165 hlavne po obsahovej str\u00e1nke.<\/p>\n<p>Aktu\u00e1lne vo ve\u013ekom prebieha p\u00e1rovanie produktov z e-shopov a sp\u00fa\u0161\u0165ame aj <strong>PR komunik\u00e1ciu smerom na B2B segment<\/strong> a teda e-shopy, zna\u010dky a odborn\u00e9 m\u00e9di\u00e1.<\/p>\n<p>S\u00fa\u010das\u0165ou t\u00fdchto aktiv\u00edt je aj <strong>\u00fa\u010das\u0165 na konferenci\u00e1ch a neform\u00e1lnych eventoch<\/strong>. Jednou z nich bola aj akcia <a href=\"https:\/\/twitter.com\/michaljanik\" rel=\" follow noopener noreferrer\" target=\"_blank\">Michala Jan\u00edka<\/a> zo spolo\u010dnosti <a href=\"http:\/\/www.besteto.cz\/\" rel=\" follow noopener noreferrer\" target=\"_blank\">Besteto<\/a> pod n\u00e1zvom <a href=\"http:\/\/www.besteto.cz\/vyhledavace-zbozi-2014\" rel=\" follow noopener noreferrer\" target=\"_blank\">Vyhled\u00e1va\u010de zbo\u017e\u00ed 2014<\/a>.<\/p>\n<p>Vyst\u00fapili na nej z\u00e1stupcovia v\u0161etk\u00fdch relevantn\u00fdch porovn\u00e1va\u010dov na \u010deskom trhu a ver\u00edm, \u017ee ani Pricemania sa medzi nimi nestratila, pr\u00e1ve naopak, presved\u010dil som sa o tom, \u017ee sa nem\u00e1me \u010doho b\u00e1\u0165 a \u017ee m\u00e1me re\u00e1lnu \u0161ancu by\u0165 \u00faspe\u0161n\u00ed.<\/p>\n<p>Tu si m\u00f4\u017eete pozrie\u0165 <a href=\"http:\/\/www.besteto.cz\/vyhledavace-zbozi-2014-pricemania-prezentace\" rel=\" follow noopener noreferrer\" target=\"_blank\">moju prezent\u00e1ciu z akcie<\/a>, v ktorej som spomenul <strong>k\u013e\u00fa\u010dov\u00e9 \u010d\u00edsla a novinky slovenskej a \u010deskej Pricemanie<\/strong>:<\/p>\n<p><iframe src=\"\/\/www.youtube.com\/embed\/xpFBaO4Ak7k\" width=\"100%\" height=\"350\" allowfullscreen=\"allowfullscreen\"><\/iframe><\/p>\n<p>&nbsp;<\/p>\n<p><strong>V pr\u00edpade, \u017ee prev\u00e1dzkujete e-shop\/e-shopy v \u010cR<\/strong> a m\u00e1te z\u00e1ujem o prednostn\u00e9 zaradenie v\u00e1\u0161ho e-shopu do katal\u00f3gu, ozvite sa kolegovi na <a href=\"mailto:jan.kalinovsky@pricemania.sk.\">jan.kalinovsky@pricemania.sk.<\/a><\/p>\n<p>Budeme sa te\u0161i\u0165 na spolupr\u00e1cu a priebe\u017ene budem informova\u0165 o stave pr\u00edprave na ostr\u00e9 spustenie \u010desk\u00e9ho trhu.<\/p>\n<p>&nbsp;<\/p>\n","protected":false},"excerpt":{"rendered":"<p>Ako ste u\u017e mo\u017eno zaregistrovali, po 7 rokoch na slovenskom trhu Pricemania \u0161tartuje svoje p\u00f4sobenie aj u na\u0161ich z\u00e1padn\u00fdch susedov. Hlavn\u00fdm&hellip;<\/p>\n","protected":false},"author":1,"featured_media":814,"comment_status":"open","ping_status":"open","sticky":false,"template":"","format":"standard","meta":[],"categories":[323],"tags":[331,361,362],"yoast_head":"<!-- This site is optimized with the Yoast SEO plugin v15.4 - https:\/\/yoast.com\/wordpress\/plugins\/seo\/ -->\n<title>Pricemania.cz prv\u00fdkr\u00e1t verejne na akcii Vyhled\u00e1va\u010de zbo\u017e\u00ed 2014 v Brne - Pricemania<\/title>\n<meta name=\"robots\" content=\"index, follow, max-snippet:-1, max-image-preview:large, max-video-preview:-1\" \/>\n<link rel=\"canonical\" href=\"https:\/\/www.pricemania.sk\/blog\/pricemania-cz-prvykrat-verejne-na-akcii-vyhledavace-zbozi-2014-v-brne\/\" \/>\n<meta property=\"og:locale\" content=\"sk_SK\" \/>\n<meta property=\"og:type\" content=\"article\" \/>\n<meta property=\"og:title\" content=\"Pricemania.cz prv\u00fdkr\u00e1t verejne na akcii Vyhled\u00e1va\u010de zbo\u017e\u00ed 2014 v Brne - Pricemania\" \/>\n<meta property=\"og:description\" content=\"Ako ste u\u017e mo\u017eno zaregistrovali, po 7 rokoch na slovenskom trhu Pricemania \u0161tartuje svoje p\u00f4sobenie aj u na\u0161ich z\u00e1padn\u00fdch susedov. Hlavn\u00fdm&hellip;\" \/>\n<meta property=\"og:url\" content=\"https:\/\/www.pricemania.sk\/blog\/pricemania-cz-prvykrat-verejne-na-akcii-vyhledavace-zbozi-2014-v-brne\/\" \/>\n<meta property=\"og:site_name\" content=\"Pricemania\" \/>\n<meta property=\"article:published_time\" content=\"2014-07-16T06:24:00+00:00\" \/>\n<meta property=\"og:image\" content=\"https:\/\/www.pricemania.sk\/blog\/wp-content\/uploads\/2014\/07\/zbozi-2014-pricemania-2.jpg\" \/>\n\t<meta property=\"og:image:width\" content=\"1000\" \/>\n\t<meta property=\"og:image:height\" content=\"667\" \/>\n<meta name=\"twitter:card\" content=\"summary_large_image\" \/>\n<meta name=\"twitter:label1\" content=\"Autor:\">\n\t<meta name=\"twitter:data1\" content=\"Pricemania\">\n\t<meta name=\"twitter:label2\" content=\"Est. reading time\">\n\t<meta name=\"twitter:data2\" content=\"1 min\u00fata\">\n<script type=\"application\/ld+json\" class=\"yoast-schema-graph\">{\"@context\":\"https:\/\/schema.org\",\"@graph\":[{\"@type\":\"WebSite\",\"@id\":\"https:\/\/www.pricemania.sk\/blog\/#website\",\"url\":\"https:\/\/www.pricemania.sk\/blog\/\",\"name\":\"Pricemania\",\"description\":\"\",\"potentialAction\":[{\"@type\":\"SearchAction\",\"target\":\"https:\/\/www.pricemania.sk\/blog\/?s={search_term_string}\",\"query-input\":\"required name=search_term_string\"}],\"inLanguage\":\"sk-SK\"},{\"@type\":\"ImageObject\",\"@id\":\"https:\/\/www.pricemania.sk\/blog\/pricemania-cz-prvykrat-verejne-na-akcii-vyhledavace-zbozi-2014-v-brne\/#primaryimage\",\"inLanguage\":\"sk-SK\",\"url\":\"https:\/\/www.pricemania.sk\/blog\/wp-content\/uploads\/2014\/07\/zbozi-2014-pricemania-2.jpg\",\"width\":1000,\"height\":667,\"caption\":\"Michal Kr\\u00e1l\"},{\"@type\":\"WebPage\",\"@id\":\"https:\/\/www.pricemania.sk\/blog\/pricemania-cz-prvykrat-verejne-na-akcii-vyhledavace-zbozi-2014-v-brne\/#webpage\",\"url\":\"https:\/\/www.pricemania.sk\/blog\/pricemania-cz-prvykrat-verejne-na-akcii-vyhledavace-zbozi-2014-v-brne\/\",\"name\":\"Pricemania.cz prv\\u00fdkr\\u00e1t verejne na akcii Vyhled\\u00e1va\\u010de zbo\\u017e\\u00ed 2014 v Brne - Pricemania\",\"isPartOf\":{\"@id\":\"https:\/\/www.pricemania.sk\/blog\/#website\"},\"primaryImageOfPage\":{\"@id\":\"https:\/\/www.pricemania.sk\/blog\/pricemania-cz-prvykrat-verejne-na-akcii-vyhledavace-zbozi-2014-v-brne\/#primaryimage\"},\"datePublished\":\"2014-07-16T06:24:00+00:00\",\"dateModified\":\"2014-07-16T06:24:00+00:00\",\"author\":{\"@id\":\"https:\/\/www.pricemania.sk\/blog\/#\/schema\/person\/d7d2876d6fadc67ea783598df0a61918\"},\"inLanguage\":\"sk-SK\",\"potentialAction\":[{\"@type\":\"ReadAction\",\"target\":[\"https:\/\/www.pricemania.sk\/blog\/pricemania-cz-prvykrat-verejne-na-akcii-vyhledavace-zbozi-2014-v-brne\/\"]}]},{\"@type\":\"Person\",\"@id\":\"https:\/\/www.pricemania.sk\/blog\/#\/schema\/person\/d7d2876d6fadc67ea783598df0a61918\",\"name\":\"Pricemania\",\"image\":{\"@type\":\"ImageObject\",\"@id\":\"https:\/\/www.pricemania.sk\/blog\/#personlogo\",\"inLanguage\":\"sk-SK\",\"url\":\"https:\/\/secure.gravatar.com\/avatar\/851fe549b5ff0e4ef576c698ebd014d8?s=96&d=mm&r=g\",\"caption\":\"Pricemania\"},\"sameAs\":[\"https:\/\/www.pricemania.sk\/blog\"]}]}<\/script>\n<!-- \/ Yoast SEO plugin. -->","_links":{"self":[{"href":"https:\/\/www.pricemania.sk\/blog\/wp-json\/wp\/v2\/posts\/816"}],"collection":[{"href":"https:\/\/www.pricemania.sk\/blog\/wp-json\/wp\/v2\/posts"}],"about":[{"href":"https:\/\/www.pricemania.sk\/blog\/wp-json\/wp\/v2\/types\/post"}],"author":[{"embeddable":true,"href":"https:\/\/www.pricemania.sk\/blog\/wp-json\/wp\/v2\/users\/1"}],"replies":[{"embeddable":true,"href":"https:\/\/www.pricemania.sk\/blog\/wp-json\/wp\/v2\/comments?post=816"}],"version-history":[{"count":1,"href":"https:\/\/www.pricemania.sk\/blog\/wp-json\/wp\/v2\/posts\/816\/revisions"}],"predecessor-version":[{"id":2164,"href":"https:\/\/www.pricemania.sk\/blog\/wp-json\/wp\/v2\/posts\/816\/revisions\/2164"}],"wp:featuredmedia":[{"embeddable":true,"href":"https:\/\/www.pricemania.sk\/blog\/wp-json\/wp\/v2\/media\/814"}],"wp:attachment":[{"href":"https:\/\/www.pricemania.sk\/blog\/wp-json\/wp\/v2\/media?parent=816"}],"wp:term":[{"taxonomy":"category","embeddable":true,"href":"https:\/\/www.pricemania.sk\/blog\/wp-json\/wp\/v2\/categories?post=816"},{"taxonomy":"post_tag","embeddable":true,"href":"https:\/\/www.pricemania.sk\/blog\/wp-json\/wp\/v2\/tags?post=816"}],"curies":[{"name":"wp","href":"https:\/\/api.w.org\/{rel}","templated":true}]}}